{"id":6856,"date":"2024-02-08T00:55:19","date_gmt":"2024-02-07T21:55:19","guid":{"rendered":"https:\/\/sunucucozumleri.com\/?p=6856"},"modified":"2024-02-08T00:55:19","modified_gmt":"2024-02-07T21:55:19","slug":"guncel-naci-gorurden-deprem-uyarisi","status":"publish","type":"post","link":"https:\/\/sunucucozumleri.com\/blog\/guncel-naci-gorurden-deprem-uyarisi\/","title":{"rendered":"G\u00fcncel Naci G\u00f6r\u00fcr&#8217;den Deprem Uyar\u0131s\u0131"},"content":{"rendered":"<figure id=\"attachment_6859\" aria-describedby=\"caption-attachment-6859\" style=\"width: 1024px\" class=\"wp-caption alignnone\"><img decoding=\"async\" class=\"size-full wp-image-6859\" src=\"https:\/\/sunucucozumleri.com\/wp-content\/uploads\/2024\/02\/6-subat-2023-hatay-depremi-1-min.webp\" alt=\"6 \u015eubat 2023 Hatay Depremi\" width=\"1024\" height=\"1024\" title=\"\" srcset=\"\/\/sunucucozumleri.com\/blog\/wp-content\/uploads\/2024\/02\/6-subat-2023-hatay-depremi-1-min.webp 1024w, \/\/sunucucozumleri.com\/blog\/wp-content\/uploads\/2024\/02\/6-subat-2023-hatay-depremi-1-min-300x300.webp 300w, \/\/sunucucozumleri.com\/blog\/wp-content\/uploads\/2024\/02\/6-subat-2023-hatay-depremi-1-min-150x150.webp 150w, \/\/sunucucozumleri.com\/blog\/wp-content\/uploads\/2024\/02\/6-subat-2023-hatay-depremi-1-min-768x768.webp 768w\" sizes=\"(max-width: 1024px) 100vw, 1024px\" \/><figcaption id=\"caption-attachment-6859\" class=\"wp-caption-text\">6 \u015eubat 2023 Hatay Depremi<\/figcaption><\/figure>\n<p><strong>Prof. Dr. Naci G\u00f6r\u00fcr<\/strong>, 6 \u015eubat depremleri \u00fczerine yapt\u0131\u011f\u0131 a\u00e7\u0131klamada, kentleri y\u00f6netenlerin bilim insanlar\u0131n\u0131n uzun s\u00fcre \u00f6nce uyard\u0131\u011f\u0131 deprem riskini bilmelerine ra\u011fmen gerekli \u00f6nlemleri almad\u0131klar\u0131n\u0131 belirtti. 53 binden fazla ki\u015finin hayat\u0131n\u0131 kaybetti\u011fi bu ac\u0131 olay, deprem konusundaki bilimsel uyar\u0131lar\u0131n ne kadar \u00f6nemli oldu\u011funu vurguluyor. Uzmanlar, \u00f6zellikle \u0130stanbul gibi deprem riski ta\u015f\u0131yan b\u00f6lgelerde s\u00fcrekli olarak uyar\u0131larda bulunuyor ve toplumun bilin\u00e7lenmesi i\u00e7in \u00e7aba sarf ediyor. Deprem g\u00fcvenli\u011fi konusunda al\u0131nacak \u00f6nlemlerin hayati \u00f6nem ta\u015f\u0131d\u0131\u011f\u0131 unutulmamal\u0131d\u0131r.<\/p>\n<p><strong>Kahramanmara\u015f<\/strong> merkezli deprem \u00f6ncesi uyar\u0131larda bulunan Naci G\u00f6r\u00fcr, S\u00f6zc\u00fc TV&#8217;de \u0130pek \u00d6zbey&#8217;e yapt\u0131\u011f\u0131 a\u00e7\u0131klamada, bilimsel verilere dayanarak depremin \u00f6nceden tahmin edilebildi\u011fini ve bu konuda yap\u0131lan uyar\u0131lar\u0131n dikkate al\u0131nmad\u0131\u011f\u0131n\u0131 ifade etti. Bu s\u00fcrecin bir s\u00fcrpriz olmad\u0131\u011f\u0131n\u0131 ve yetkililere iletilen uyar\u0131lar\u0131n yerine getirilmedi\u011fini belirten G\u00f6r\u00fcr, hem merkezi h\u00fck\u00fcmetin hem de yerel y\u00f6netimlerin bilgi sahibi olduklar\u0131 halde gerekli \u00f6nlemleri almad\u0131klar\u0131n\u0131 vurgulad\u0131. Bu ihmallerin, deprem sonras\u0131 ya\u015fanan kay\u0131plar\u0131 daha da ac\u0131 verici k\u0131ld\u0131\u011f\u0131n\u0131 ifade etti.<\/p>\n<div id=\"ez-toc-container\" class=\"ez-toc-v2_0_82_2 counter-hierarchy ez-toc-counter ez-toc-grey ez-toc-container-direction\">\n<div class=\"ez-toc-title-container\">\n<p class=\"ez-toc-title\" style=\"cursor:inherit\">Makale \u0130\u00e7eri\u011fi<\/p>\n<span class=\"ez-toc-title-toggle\"><a href=\"#\" class=\"ez-toc-pull-right ez-toc-btn ez-toc-btn-xs ez-toc-btn-default ez-toc-toggle\" aria-label=\"\u0130\u00e7indekiler Tablosunu A\u00e7\/Kapat\"><span class=\"ez-toc-js-icon-con\"><span class=\"\"><span class=\"eztoc-hide\" style=\"display:none;\">Toggle<\/span><span class=\"ez-toc-icon-toggle-span\"><svg style=\"fill: #999;color:#999\" xmlns=\"http:\/\/www.w3.org\/2000\/svg\" class=\"list-377408\" width=\"20px\" height=\"20px\" viewBox=\"0 0 24 24\" fill=\"none\"><path d=\"M6 6H4v2h2V6zm14 0H8v2h12V6zM4 11h2v2H4v-2zm16 0H8v2h12v-2zM4 16h2v2H4v-2zm16 0H8v2h12v-2z\" fill=\"currentColor\"><\/path><\/svg><svg style=\"fill: #999;color:#999\" class=\"arrow-unsorted-368013\" xmlns=\"http:\/\/www.w3.org\/2000\/svg\" width=\"10px\" height=\"10px\" viewBox=\"0 0 24 24\" version=\"1.2\" baseProfile=\"tiny\"><path d=\"M18.2 9.3l-6.2-6.3-6.2 6.3c-.2.2-.3.4-.3.7s.1.5.3.7c.2.2.4.3.7.3h11c.3 0 .5-.1.7-.3.2-.2.3-.5.3-.7s-.1-.5-.3-.7zM5.8 14.7l6.2 6.3 6.2-6.3c.2-.2.3-.5.3-.7s-.1-.5-.3-.7c-.2-.2-.4-.3-.7-.3h-11c-.3 0-.5.1-.7.3-.2.2-.3.5-.3.7s.1.5.3.7z\"\/><\/svg><\/span><\/span><\/span><\/a><\/span><\/div>\n<nav><ul class='ez-toc-list ez-toc-list-level-1 ' ><li class='ez-toc-page-1 ez-toc-heading-level-2'><a class=\"ez-toc-link ez-toc-heading-1\" href=\"https:\/\/sunucucozumleri.com\/blog\/guncel-naci-gorurden-deprem-uyarisi\/#Prof_Dr_Naci_Gorur_Kimdir\" >Prof. Dr. Naci G\u00f6r\u00fcr Kimdir?<\/a><ul class='ez-toc-list-level-3' ><li class='ez-toc-heading-level-3'><a class=\"ez-toc-link ez-toc-heading-2\" href=\"https:\/\/sunucucozumleri.com\/blog\/guncel-naci-gorurden-deprem-uyarisi\/#Naci_Gorur_en_son_ne_dedi\" >Naci G\u00f6r\u00fcr en son ne dedi?<\/a><\/li><li class='ez-toc-page-1 ez-toc-heading-level-3'><a class=\"ez-toc-link ez-toc-heading-3\" href=\"https:\/\/sunucucozumleri.com\/blog\/guncel-naci-gorurden-deprem-uyarisi\/#Naci_Gorur_Malatya_depremi_icin_ne_diyor\" >Naci G\u00f6r\u00fcr Malatya depremi i\u00e7in ne diyor?<\/a><\/li><li class='ez-toc-page-1 ez-toc-heading-level-3'><a class=\"ez-toc-link ez-toc-heading-4\" href=\"https:\/\/sunucucozumleri.com\/blog\/guncel-naci-gorurden-deprem-uyarisi\/#Naci_Gorur_Antep_icin_ne_diyor\" >Naci G\u00f6r\u00fcr Antep i\u00e7in ne diyor?<\/a><\/li><li class='ez-toc-page-1 ez-toc-heading-level-3'><a class=\"ez-toc-link ez-toc-heading-5\" href=\"https:\/\/sunucucozumleri.com\/blog\/guncel-naci-gorurden-deprem-uyarisi\/#Naci_Gorurden_Tunceli_Deprem_Uyarisi\" >Naci G\u00f6r\u00fcr&#8217;den Tunceli Deprem Uyar\u0131s\u0131<\/a><\/li><\/ul><\/li><\/ul><\/nav><\/div>\n<h2><span class=\"ez-toc-section\" id=\"Prof_Dr_Naci_Gorur_Kimdir\"><\/span><strong>Prof. Dr. Naci G\u00f6r\u00fcr Kimdir?<\/strong><span class=\"ez-toc-section-end\"><\/span><\/h2>\n<p>Prof. Dr. Naci G\u00f6r\u00fcr, T\u00fcrk jeolog ve deprem uzman\u0131 olarak bilinir. 1951 y\u0131l\u0131nda Samsun&#8217;da do\u011fan G\u00f6r\u00fcr, lisans e\u011fitimini \u0130stanbul \u00dcniversitesi Jeoloji M\u00fchendisli\u011fi B\u00f6l\u00fcm\u00fc&#8217;nde tamamlam\u0131\u015ft\u0131r. Y\u00fcksek lisans ve doktoras\u0131n\u0131 \u0130stanbul \u00dcniversitesi Jeoloji M\u00fchendisli\u011fi Ana Bilim Dal\u0131&#8217;nda yapm\u0131\u015ft\u0131r.<\/p>\n<p>Naci G\u00f6r\u00fcr, \u00f6zellikle aktif fay hatlar\u0131 ve deprem konular\u0131nda yapt\u0131\u011f\u0131 \u00e7al\u0131\u015fmalarla tan\u0131n\u0131r. T\u00fcrkiye&#8217;nin deprem riski ta\u015f\u0131yan b\u00f6lgelerindeki fay hatlar\u0131 \u00fczerine yapt\u0131\u011f\u0131 ara\u015ft\u0131rmalarla bilimsel \u00e7evrelerde sayg\u0131 g\u00f6rm\u00fc\u015ft\u00fcr. Jeoloji alan\u0131ndaki bilimsel katk\u0131lar\u0131 ve deprem konusundaki uzmanl\u0131\u011f\u0131 nedeniyle \u00f6nemli g\u00f6revlerde bulunmu\u015ftur.<\/p>\n<p>Ayr\u0131ca, deprem g\u00fcvenli\u011fi ve risk azaltma konular\u0131nda kamuoyunu bilin\u00e7lendirmeye y\u00f6nelik \u00e7al\u0131\u015fmalara katk\u0131da bulunmu\u015f ve deprem konusunda toplumun fark\u0131ndal\u0131\u011f\u0131n\u0131 art\u0131rmak i\u00e7in \u00e7e\u015fitli platformlarda yer alm\u0131\u015ft\u0131r. \u00d6zellikle medyada depremle ilgili a\u00e7\u0131klamalarda bulunarak halk\u0131 bilgilendirmi\u015ftir.<\/p>\n<p><strong>Naci G\u00f6r\u00fcr<\/strong>, T\u00fcrkiye&#8217;deki deprem riski ve fay hatlar\u0131 \u00fczerine yapt\u0131\u011f\u0131 \u00e7al\u0131\u015fmalarla bilim d\u00fcnyas\u0131nda ve kamuoyunda \u00f6nemli bir fig\u00fcr olarak kabul edilmektedir.<\/p>\n<h3><span class=\"ez-toc-section\" id=\"Naci_Gorur_en_son_ne_dedi\"><\/span><strong>Naci G\u00f6r\u00fcr en son ne dedi?<\/strong><span class=\"ez-toc-section-end\"><\/span><\/h3>\n<h3><strong><iframe title=\"YouTube video player\" src=\"https:\/\/www.youtube.com\/embed\/-L1DzpoDxWs?si=Vem_sQjPSRg4NcYR\" width=\"560\" height=\"315\" frameborder=\"0\" allowfullscreen=\"allowfullscreen\"><\/iframe><\/strong><\/h3>\n<p>Naci G\u00f6r\u00fcr, 1999 Marmara depremi sonras\u0131nda yapt\u0131klar\u0131 \u00e7al\u0131\u015fmalarda h\u00fck\u00fcmetin destek vermedi\u011fini belirtiyor. G\u00f6lc\u00fck&#8217;teki deprem sonras\u0131nda Marmara&#8217;n\u0131n tehlikede oldu\u011funu ilan etmi\u015fler, ancak h\u00fck\u00fcmetin bu uyar\u0131lara yan\u0131t vermedi\u011fini ifade ediyor. G\u00f6r\u00fcr, T\u00dcB\u0130TAK&#8217;ta yetkili olarak g\u00f6rev al\u0131rken, Marmara&#8217;n\u0131n alt\u0131ndaki fay hatlar\u0131, deprem tehlikesi ve bilinmeyen deniz olarak nitelendirdi\u011fi durumu anlat\u0131yor. T\u00fcrkiye Cumhuriyeti h\u00fck\u00fcmetinin, depremle ilgili bu \u00f6nemli konuda kendilerine destek olmad\u0131\u011f\u0131n\u0131, hatta haberdar bile olmad\u0131\u011f\u0131n\u0131 dile getiriyor. Tehlikenin boyutlar\u0131, fay hatlar\u0131n\u0131n \u00f6zellikleri gibi temel bilgilerin eksik oldu\u011funu vurguluyor.<\/p>\n<h3><span class=\"ez-toc-section\" id=\"Naci_Gorur_Malatya_depremi_icin_ne_diyor\"><\/span>Naci G\u00f6r\u00fcr Malatya depremi i\u00e7in ne diyor?<span class=\"ez-toc-section-end\"><\/span><\/h3>\n<figure id=\"attachment_6857\" aria-describedby=\"caption-attachment-6857\" style=\"width: 768px\" class=\"wp-caption alignnone\"><img decoding=\"async\" class=\"size-large wp-image-6857\" src=\"https:\/\/sunucucozumleri.com\/wp-content\/uploads\/2024\/02\/naci-gorur-malatya-depremi-hakkinda-ne-dedi-min-768x1024.webp\" alt=\"Naci G\u00f6r\u00fcr Malatya depremi i\u00e7in ne diyor?\" width=\"768\" height=\"1024\" title=\"\" srcset=\"\/\/sunucucozumleri.com\/blog\/wp-content\/uploads\/2024\/02\/naci-gorur-malatya-depremi-hakkinda-ne-dedi-min-768x1024.webp 768w, \/\/sunucucozumleri.com\/blog\/wp-content\/uploads\/2024\/02\/naci-gorur-malatya-depremi-hakkinda-ne-dedi-min-225x300.webp 225w, \/\/sunucucozumleri.com\/blog\/wp-content\/uploads\/2024\/02\/naci-gorur-malatya-depremi-hakkinda-ne-dedi-min-1152x1536.webp 1152w, \/\/sunucucozumleri.com\/blog\/wp-content\/uploads\/2024\/02\/naci-gorur-malatya-depremi-hakkinda-ne-dedi-min.webp 1536w\" sizes=\"(max-width: 768px) 100vw, 768px\" \/><figcaption id=\"caption-attachment-6857\" class=\"wp-caption-text\">Naci G\u00f6r\u00fcr Malatya depremi i\u00e7in ne diyor?<\/figcaption><\/figure>\n<p>Naci G\u00f6r\u00fcr, sosyal medya \u00fczerinden 5.2 b\u00fcy\u00fckl\u00fc\u011f\u00fcndeki Malatya depremiyle ilgili payla\u015f\u0131mda bulundu. G\u00f6r\u00fcr, depremin muhtemelen 6 \u015eubat depremleri sonucu k\u0131r\u0131lmam\u0131\u015f bir fay kesimi \u00fczerinde ger\u00e7ekle\u015fti\u011fini ifade etti. Fay hatlar\u0131 ve deprem mekanizmalar\u0131 konusundaki uzmanl\u0131\u011f\u0131yla G\u00f6r\u00fcr, depremle ilgili bu \u00f6nemli bilgiyi payla\u015farak kamuoyunu bilgilendirmeye devam ediyor.<\/p>\n<p>AFAD verilerine g\u00f6re, Malatya&#8217;n\u0131n Battalgazi il\u00e7esinde 5.2 b\u00fcy\u00fckl\u00fc\u011f\u00fcnde bir deprem ya\u015fand\u0131. Kandilli Rasathanesi ise depremin b\u00fcy\u00fckl\u00fc\u011f\u00fcn\u00fc 5.3 olarak belirtti. Deprem \u00e7evre illerden de hissedildi.<\/p>\n<h3><span class=\"ez-toc-section\" id=\"Naci_Gorur_Antep_icin_ne_diyor\"><\/span>Naci G\u00f6r\u00fcr Antep i\u00e7in ne diyor?<span class=\"ez-toc-section-end\"><\/span><\/h3>\n<figure id=\"attachment_6858\" aria-describedby=\"caption-attachment-6858\" style=\"width: 864px\" class=\"wp-caption alignnone\"><img decoding=\"async\" class=\"size-full wp-image-6858\" src=\"https:\/\/sunucucozumleri.com\/wp-content\/uploads\/2024\/02\/Naci-Gorur-Gaziantep-Icin-Ne-Dedi.webp\" alt=\"Naci G\u00f6r\u00fcr Gaziantep \u0130\u00e7in Ne Dedi\" width=\"864\" height=\"486\" title=\"\" srcset=\"\/\/sunucucozumleri.com\/blog\/wp-content\/uploads\/2024\/02\/Naci-Gorur-Gaziantep-Icin-Ne-Dedi.webp 864w, \/\/sunucucozumleri.com\/blog\/wp-content\/uploads\/2024\/02\/Naci-Gorur-Gaziantep-Icin-Ne-Dedi-300x169.webp 300w, \/\/sunucucozumleri.com\/blog\/wp-content\/uploads\/2024\/02\/Naci-Gorur-Gaziantep-Icin-Ne-Dedi-768x432.webp 768w\" sizes=\"(max-width: 864px) 100vw, 864px\" \/><figcaption id=\"caption-attachment-6858\" class=\"wp-caption-text\">Naci G\u00f6r\u00fcr Gaziantep \u0130\u00e7in Ne Dedi<\/figcaption><\/figure>\n<p>Yer bilimci Prof. Dr. Naci G\u00f6r\u00fcr, T\u00fcrkiye&#8217;nin deprem haritas\u0131yla ilgili yeni uyar\u0131larda bulundu. \u00d6zellikle Do\u011fu ve G\u00fcneydo\u011fu illerini tek tek s\u0131ralayan G\u00f6r\u00fcr, b\u00f6lgedeki deprem tehlikesinin artt\u0131\u011f\u0131n\u0131 vurgulad\u0131. Gaziantep&#8217;i de tehlikeli iller aras\u0131na ekleyen G\u00f6r\u00fcr, bu b\u00f6lgelerdeki kentlerin ciddi bir tehlike alt\u0131nda oldu\u011funu belirtti. \u00d6zellikle DAF (Do\u011fu Anadolu Fay\u0131) yak\u0131nlar\u0131ndaki yerle\u015fim yerlerinin daha y\u00fcksek risk alt\u0131nda oldu\u011funa dikkat \u00e7ekti. Prof. Dr. Naci G\u00f6r\u00fcr&#8217;\u00fcn deprem konusundaki uyar\u0131lar\u0131, b\u00f6lge halk\u0131n\u0131n ve yetkililerin dikkatini \u00e7ekiyor.<\/p>\n<h3><span class=\"ez-toc-section\" id=\"Naci_Gorurden_Tunceli_Deprem_Uyarisi\"><\/span>Naci G\u00f6r\u00fcr&#8217;den Tunceli Deprem Uyar\u0131s\u0131<span class=\"ez-toc-section-end\"><\/span><\/h3>\n<p>T\u00fcrkiye&#8217;nin \u00f6nde gelen deprem bilimcilerinden Prof. Dr. Naci G\u00f6r\u00fcr, 6 \u015eubat depremlerinin y\u0131l d\u00f6n\u00fcm\u00fcnde \u00f6nemli bir uyar\u0131da bulundu. Kat\u0131ld\u0131\u011f\u0131 bir televizyon program\u0131nda, Kahramanmara\u015f i\u00e7in daha \u00f6nce yapt\u0131\u011f\u0131 uyar\u0131lar\u0131 hat\u0131rlatarak, &#8216;\u015eimdiden ba\u011f\u0131r\u0131yorum, Tunceli taraf\u0131na dikkat edin&#8217; dedi. G\u00f6r\u00fcr&#8217;\u00fcn bu kritik uyar\u0131s\u0131, deprem bilimine olan hassasiyetini ve b\u00f6lgedeki potansiyel tehlikeleri vurgulamaktad\u0131r.<\/p>\n<p>&nbsp;<\/p>\n<p>&nbsp;<\/p>\n","protected":false},"excerpt":{"rendered":"<p>Prof. Dr. Naci G\u00f6r\u00fcr, 6 \u015eubat depremleri \u00fczerine yapt\u0131\u011f\u0131 a\u00e7\u0131klamada, kentleri y\u00f6netenlerin bilim insanlar\u0131n\u0131n uzun s\u00fcre \u00f6nce uyard\u0131\u011f\u0131 deprem riskini bilmelerine ra\u011fmen gerekli \u00f6nlemleri almad\u0131klar\u0131n\u0131 belirtti. 53 binden fazla ki\u015finin hayat\u0131n\u0131 kaybetti\u011fi bu ac\u0131 olay, deprem konusundaki bilimsel uyar\u0131lar\u0131n ne kadar \u00f6nemli oldu\u011funu vurguluyor. Uzmanlar, \u00f6zellikle \u0130stanbul gibi deprem riski ta\u015f\u0131yan b\u00f6lgelerde s\u00fcrekli olarak uyar\u0131larda &hellip;<\/p>\n","protected":false},"author":1,"featured_media":6860,"comment_status":"closed","ping_status":"open","sticky":false,"template":"","format":"standard","meta":{"_acf_changed":false,"footnotes":""},"categories":[232],"tags":[],"class_list":["post-6856","post","type-post","status-publish","format-standard","has-post-thumbnail","hentry","category-blog"],"acf":[],"_links":{"self":[{"href":"https:\/\/sunucucozumleri.com\/blog\/wp-json\/wp\/v2\/posts\/6856","targetHints":{"allow":["GET"]}}],"collection":[{"href":"https:\/\/sunucucozumleri.com\/blog\/wp-json\/wp\/v2\/posts"}],"about":[{"href":"https:\/\/sunucucozumleri.com\/blog\/wp-json\/wp\/v2\/types\/post"}],"author":[{"embeddable":true,"href":"https:\/\/sunucucozumleri.com\/blog\/wp-json\/wp\/v2\/users\/1"}],"replies":[{"embeddable":true,"href":"https:\/\/sunucucozumleri.com\/blog\/wp-json\/wp\/v2\/comments?post=6856"}],"version-history":[{"count":0,"href":"https:\/\/sunucucozumleri.com\/blog\/wp-json\/wp\/v2\/posts\/6856\/revisions"}],"wp:featuredmedia":[{"embeddable":true,"href":"https:\/\/sunucucozumleri.com\/blog\/wp-json\/wp\/v2\/media\/6860"}],"wp:attachment":[{"href":"https:\/\/sunucucozumleri.com\/blog\/wp-json\/wp\/v2\/media?parent=6856"}],"wp:term":[{"taxonomy":"category","embeddable":true,"href":"https:\/\/sunucucozumleri.com\/blog\/wp-json\/wp\/v2\/categories?post=6856"},{"taxonomy":"post_tag","embeddable":true,"href":"https:\/\/sunucucozumleri.com\/blog\/wp-json\/wp\/v2\/tags?post=6856"}],"curies":[{"name":"wp","href":"https:\/\/api.w.org\/{rel}","templated":true}]}}